{"id":10,"date":"2014-04-08T18:44:44","date_gmt":"2014-04-08T16:44:44","guid":{"rendered":"https:\/\/kammerchor-fuerstenwalde.de\/wordpress\/2014\/04\/08\/wir-brauchen-sie\/"},"modified":"2026-04-21T12:25:09","modified_gmt":"2026-04-21T10:25:09","slug":"wir-brauchen-sie","status":"publish","type":"post","link":"https:\/\/kammerchor-fuerstenwalde.de\/?p=10","title":{"rendered":"Wir brauchen Sie"},"content":{"rendered":"<p><a href=\"https:\/\/kammerchor-fuerstenwalde.de\/wordpress\/wp-content\/uploads\/2014\/04\/Kammerchor_Flyer.pdf\" target=\"_blank\" rel=\"noopener\"><img loading=\"lazy\" decoding=\"async\" class=\" alignright size-full wp-image-8\" style=\"margin-right: 0px; margin-bottom: 20px; margin-left: 20px; float: right;\" title=\"Nachwuchsflyer des Kammerchores F\u00fcrstenwalde\/Spree\" src=\"https:\/\/kammerchor-fuerstenwalde.de\/wordpress\/wp-content\/uploads\/2014\/04\/nachwuchsflyer.jpg\" alt=\"Der Kammerchor F\u00fcrstenwalde\/Spree sucht Nachwuchs\" width=\"200\" height=\"400\" srcset=\"https:\/\/kammerchor-fuerstenwalde.de\/wp-content\/uploads\/2014\/04\/nachwuchsflyer.jpg 200w, https:\/\/kammerchor-fuerstenwalde.de\/wp-content\/uploads\/2014\/04\/nachwuchsflyer-150x300.jpg 150w\" sizes=\"auto, (max-width: 200px) 100vw, 200px\" \/><\/a><strong>Wir suchen Nachwuchs.<\/strong><\/p>\n<p>Der Kammerchor \u00bbGeschwister Scholl\u00ab F\u00fcrstenwalde sucht zum Fortbestehen des Chores vor allem M\u00e4nnerstimmen.<\/p>\n<p>Bei Interesse wenden Sie sich bitte an:<br \/>\nMathilde Killisch, Saarower Chaussee 39, 15517 F\u00fcrstenwalde\/Spree, Tel.: 03361 54766,<br \/>\nm.killisch@kammerchor-fuerstenwalde.de<\/p>\n<p><strong>Zusammen macht es mehr Spa\u00df!<br \/>\n<\/strong><\/p>\n<p>In unserem <a href=\"https:\/\/kammerchor-fuerstenwalde.de\/wp-content\/uploads\/2014\/04\/Kammerchor_Flyer.pdf\" target=\"_blank\" rel=\"alternate noopener\">Flyer<\/a> k\u00f6nnen Sie sich \u00fcber unseren Chor informieren.<\/p>\n<p>Wenn Sie den <strong>Kammerchor F\u00fcrstenwalde unterst\u00fctzen<\/strong> wollen, t\u00e4tigen Sie doch Ihre online-Eink\u00e4ufe \u00fcber:<br \/>\n<a href=\"https:\/\/www.bildungsspender.de\/kammerchor-fuerstenwalde\" target=\"_blank\" rel=\"noopener\">https:\/\/www.bildungsspender.de\/kammerchor-fuerstenwalde<\/a><\/p>\n<h1>Singen ist gesund und macht froh!<\/h1>\n<p style=\"text-align: justify;\">Dass das Singen im Chor viel Freude macht, wissen die Mitglieder von Laiench\u00f6ren genau. Dass es auch eine positive Auswirkung auf die Gesundheit hat, haben sie mit Sicherheit zumindest gesp\u00fcrt. Verschiedenste wissenschaftliche Untersuchungen haben gezeigt, dass das gemeinschaftliche Singen im Chor nicht nur positive psychische Auswirkungen hat, sondern auch eine Reihe von physischen Reaktionen zeigt, die sich vorteilhaft auf die Gesundheit und das Wohlbefinden auswirken.<\/p>\n<p style=\"text-align: justify;\">So wurde in einer Studie des Instituts f\u00fcr Musikp\u00e4dagogik der Frankfurter Johann Wolfgang Goethe-Universit\u00e4t gezeigt, dass sich aktives Singen sehr deutlich auf die Produktion des Stoffes Immuglobolin A im Speichel auswirkt, das ist der Stoff, der die oberen Atemwege vor Infektionen sch\u00fctzt. Beim passiven H\u00f6ren von Musik durch dieselben Probanden konnte dieser Effekt nicht beobachtet werden (Deutscher Chorverband).<\/p>\n<p style=\"text-align: justify;\">Schwedische Forscher untersuchten in den neunziger Jahren \u00fcber 12 000 Menschen aller Altersgruppen und entdeckten, dass Mitglieder von Ch\u00f6ren und Gesangsgruppen eine signifikant h\u00f6here Lebenserwartung haben als Menschen, die nicht singen (Die Welt 16-12-2007). Eine Studie der schwedischen Universit\u00e4t G\u00f6teborg (Fachjournal &#8222;Frontiers in Neuroscience&#8220;) weist nach, dass Chormitglieder, die gemeinsam singen, auch ihre Herzfrequenzen aneinander anpassen: Ihre Herzen schlagen synchron. Das kontrollierte Ein- und Ausatmen sei au\u00dferdem gesund und k\u00f6nne \u00e4hnlich wirken wie Yoga, berichten die Forscher. Andere Studien h\u00e4tten bereits gezeigt, dass Singen im Chor die Bewegungen der Muskeln und Nervenaktivit\u00e4ten in gro\u00dfen Teilen des K\u00f6rpers synchronisiere, berichtet Bj\u00f6rn Vickhoff von der Sahlgrenska Academy der Universit\u00e4t G\u00f6teborg. Nun sei der Beleg erbracht worden, dass dies auch f\u00fcr das Herz gelte (Spiegel Online 9-7-2013).<\/p>\n<p style=\"text-align: justify;\">Heute wird an vielen Grundschulen das Singen leider nicht mehr so intensiv gepflegt. Dadurch fehlt vielen Heranwachsenden die Erfahrung, die Kinder noch sehr unbek\u00fcmmert machen k\u00f6nnen: Der eigenen Stimme beim Singen Kraft und Raum zu geben. Dies als Erwachsener erstmals zu erfahren, erfordert dann deutlich mehr \u00dcberwindungskraft. Dabei sind sich Wissenschaftler einig, dass nahezu 90% aller Menschen die F\u00e4higkeit besitzen, eine Melodie aufzunehmen und mit ihrer eigenen Stimme wiederzugeben. Oder wie es die Berliner \u00c4rztin und Gesangstherapeutin Carien Wijnen ausdr\u00fcckt: \u201cWer sprechen kann, kann auch singen&#8220; (Die Welt 16-12-2007).<\/p>\n","protected":false},"excerpt":{"rendered":"<p>Wir suchen Nachwuchs. Der Kammerchor \u00bbGeschwister Scholl\u00ab F\u00fcrstenwalde sucht zum Fortbestehen des Chores vor allem M\u00e4nnerstimmen. Bei Interesse wenden Sie sich bitte an: Mathilde Killisch, Saarower Chaussee 39, 15517 F\u00fcrstenwalde\/Spree, Tel.: 03361 54766, m.killisch@kammerchor-fuerstenwalde.de Zusammen macht es mehr Spa\u00df! In&#8230;<\/p>\n","protected":false},"author":1,"featured_media":8,"comment_status":"closed","ping_status":"closed","sticky":false,"template":"","format":"standard","meta":{"footnotes":""},"categories":[10],"tags":[],"class_list":["post-10","post","type-post","status-publish","format-standard","has-post-thumbnail","hentry","category-wir-brauchen-sie"],"_links":{"self":[{"href":"https:\/\/kammerchor-fuerstenwalde.de\/index.php?rest_route=\/wp\/v2\/posts\/10","targetHints":{"allow":["GET"]}}],"collection":[{"href":"https:\/\/kammerchor-fuerstenwalde.de\/index.php?rest_route=\/wp\/v2\/posts"}],"about":[{"href":"https:\/\/kammerchor-fuerstenwalde.de\/index.php?rest_route=\/wp\/v2\/types\/post"}],"author":[{"embeddable":true,"href":"https:\/\/kammerchor-fuerstenwalde.de\/index.php?rest_route=\/wp\/v2\/users\/1"}],"replies":[{"embeddable":true,"href":"https:\/\/kammerchor-fuerstenwalde.de\/index.php?rest_route=%2Fwp%2Fv2%2Fcomments&post=10"}],"version-history":[{"count":5,"href":"https:\/\/kammerchor-fuerstenwalde.de\/index.php?rest_route=\/wp\/v2\/posts\/10\/revisions"}],"predecessor-version":[{"id":373,"href":"https:\/\/kammerchor-fuerstenwalde.de\/index.php?rest_route=\/wp\/v2\/posts\/10\/revisions\/373"}],"wp:featuredmedia":[{"embeddable":true,"href":"https:\/\/kammerchor-fuerstenwalde.de\/index.php?rest_route=\/wp\/v2\/media\/8"}],"wp:attachment":[{"href":"https:\/\/kammerchor-fuerstenwalde.de\/index.php?rest_route=%2Fwp%2Fv2%2Fmedia&parent=10"}],"wp:term":[{"taxonomy":"category","embeddable":true,"href":"https:\/\/kammerchor-fuerstenwalde.de\/index.php?rest_route=%2Fwp%2Fv2%2Fcategories&post=10"},{"taxonomy":"post_tag","embeddable":true,"href":"https:\/\/kammerchor-fuerstenwalde.de\/index.php?rest_route=%2Fwp%2Fv2%2Ftags&post=10"}],"curies":[{"name":"wp","href":"https:\/\/api.w.org\/{rel}","templated":true}]}}