{"id":193,"date":"2026-03-16T19:10:40","date_gmt":"2026-03-16T18:10:40","guid":{"rendered":"https:\/\/kammerchor-fuerstenwalde.de\/wordpress\/?p=193"},"modified":"2026-04-20T17:50:05","modified_gmt":"2026-04-20T15:50:05","slug":"aktuelles","status":"publish","type":"post","link":"https:\/\/kammerchor-fuerstenwalde.de\/?p=193","title":{"rendered":"Aktuelles"},"content":{"rendered":"<p><strong>Erfolgreicher Auftakt der Reihe &#8222;Lieder, Leute, Lyrik&#8220;<\/strong><\/p>\n<p>Das erste Konzert der neuen Reihe zur F\u00fcrstenwalder Geschichte fand am So. 19. April 2026 im fast voll besetzten Dom zu F\u00fcrstenwalde statt. Sieben Laiendarsteller spielten in vier Szenen historische Begebenheiten nach, die sich im Leben der Protagonisten Franz Liszt und Theodor Fontane so zugetragen haben k\u00f6nnten. Die historisch korrekte Einordnung der Themen erl\u00e4uterte Museumsleiter Guido Strohfeldt. Alex Ilenko interpretierte ein Klavierst\u00fcck aus dem Programm, das Franz Liszt am So. 19. Februar 1843 in F\u00fcrstenwalde gegeben hatte. Der Chor umrahmte die Theaterszenen mit thematisch passenden Liedern. Lang anhaltender Applaus und sehr positive Reaktionen ermunterten die Veranstalter, diese Reihe fortzusetzen.<\/p>\n<hr \/>\n<p><strong>Neue Konzertreihe &#8222;Lieder, Leute, Lyrik<\/strong>&#8222;<\/p>\n<p>Nach dem Abschluss der erfolgreichen Konzertreihe &#8222;Geschichte, Gedichte, Gesang&#8220; beginnen wir wieder mit einem neuen\u00a0 Zyklus zur F\u00fcrstenwalder Geschichte. Es werden dabei bekannte Pers\u00f6nlichkeiten vorgestellt, die eine besondere Beziehung zu unserer Stadt haben, im ersten Konzert werden das Franz Liszt und Theodor Fontane sein. Neben Erl\u00e4uterungen von Museumsleiter Guido Strohfeldt und passenden Liedern des Kammerchors werden kurze Theaterszenen gespielt, die historische Begebenheiten wiedergeben, wie sie sich zu ihrer Zeit zugetragen haben k\u00f6nnten.<\/p>\n<p><img loading=\"lazy\" decoding=\"async\" class=\"alignnone wp-image-202 size-medium\" src=\"https:\/\/kammerchor-fuerstenwalde.de\/wp-content\/uploads\/2026\/03\/LLL_Plakat_2026_kl-212x300.jpg\" alt=\"\" width=\"212\" height=\"300\" srcset=\"https:\/\/kammerchor-fuerstenwalde.de\/wp-content\/uploads\/2026\/03\/LLL_Plakat_2026_kl-212x300.jpg 212w, https:\/\/kammerchor-fuerstenwalde.de\/wp-content\/uploads\/2026\/03\/LLL_Plakat_2026_kl-724x1024.jpg 724w, https:\/\/kammerchor-fuerstenwalde.de\/wp-content\/uploads\/2026\/03\/LLL_Plakat_2026_kl-768x1086.jpg 768w, https:\/\/kammerchor-fuerstenwalde.de\/wp-content\/uploads\/2026\/03\/LLL_Plakat_2026_kl-1086x1536.jpg 1086w, https:\/\/kammerchor-fuerstenwalde.de\/wp-content\/uploads\/2026\/03\/LLL_Plakat_2026_kl-1448x2048.jpg 1448w, https:\/\/kammerchor-fuerstenwalde.de\/wp-content\/uploads\/2026\/03\/LLL_Plakat_2026_kl-scaled.jpg 1810w\" sizes=\"auto, (max-width: 212px) 100vw, 212px\" \/><\/p>\n<hr \/>\n<p><strong>Neujahrskonzert 2026<br \/><\/strong>Beim Neujahrskonzert des Kammerorchesters F\u00fcrstenwalde am Sonntag, den 4. Januar wirkte der Kammerchor bei zwei St\u00fccken mit: &#8222;Amboss-Chor&#8220; aus Verdis Troubadour und &#8222;Mondchor&#8220; aus den Lustigen Weibern von Windsor von Nicolai.<\/p>\n<p><img loading=\"lazy\" decoding=\"async\" class=\"alignnone size-medium wp-image-204\" src=\"https:\/\/kammerchor-fuerstenwalde.de\/wp-content\/uploads\/2026\/03\/Neujahrskon26_V-300x226.jpeg\" alt=\"\" width=\"300\" height=\"226\" srcset=\"https:\/\/kammerchor-fuerstenwalde.de\/wp-content\/uploads\/2026\/03\/Neujahrskon26_V-300x226.jpeg 300w, https:\/\/kammerchor-fuerstenwalde.de\/wp-content\/uploads\/2026\/03\/Neujahrskon26_V-1024x771.jpeg 1024w, https:\/\/kammerchor-fuerstenwalde.de\/wp-content\/uploads\/2026\/03\/Neujahrskon26_V-768x578.jpeg 768w, https:\/\/kammerchor-fuerstenwalde.de\/wp-content\/uploads\/2026\/03\/Neujahrskon26_V.jpeg 1096w\" sizes=\"auto, (max-width: 300px) 100vw, 300px\" \/><\/p>\n<hr \/>\n<p><strong>Weihnachtskonzerte<br \/><\/strong>Unsere Weihnachtskonzerte 2025 waren sehr gut besucht. Wir danken allen Zuh\u00f6rern f\u00fcr ihr Kommen und ihre Spenden.<\/p>\n<p><img loading=\"lazy\" decoding=\"async\" class=\"alignnone size-medium wp-image-208\" src=\"https:\/\/kammerchor-fuerstenwalde.de\/wp-content\/uploads\/2026\/03\/Weihnacht25_Sued_Auss-300x149.jpg\" alt=\"\" width=\"300\" height=\"149\" srcset=\"https:\/\/kammerchor-fuerstenwalde.de\/wp-content\/uploads\/2026\/03\/Weihnacht25_Sued_Auss-300x149.jpg 300w, https:\/\/kammerchor-fuerstenwalde.de\/wp-content\/uploads\/2026\/03\/Weihnacht25_Sued_Auss-1024x509.jpg 1024w, https:\/\/kammerchor-fuerstenwalde.de\/wp-content\/uploads\/2026\/03\/Weihnacht25_Sued_Auss-768x382.jpg 768w, https:\/\/kammerchor-fuerstenwalde.de\/wp-content\/uploads\/2026\/03\/Weihnacht25_Sued_Auss-1536x764.jpg 1536w, https:\/\/kammerchor-fuerstenwalde.de\/wp-content\/uploads\/2026\/03\/Weihnacht25_Sued_Auss-2048x1019.jpg 2048w\" sizes=\"auto, (max-width: 300px) 100vw, 300px\" \/><br \/>Das abschlie\u00dfende Weihnachtskonzert war am Sa. 20. Dezember in der Martin-Luther-Kirche in F\u00fcrstenwalde\/S\u00fcd (Foto: Eberhard Hoppe)<\/p>\n<hr \/>\n<p><strong>Abschied<br \/><\/strong>Der langj\u00e4hrige F\u00f6rderer des Kammerchores, Ehrenmitglied und T\u00e4ger der Martin-Adler-Gedenkmedaille, Superintendent i.R. Eckhard Fichtm\u00fcller ist am 23.7.2025 verstorben. Wir werden ihn in dankbarer Erinnerung behalten.<\/p>\n<p><img loading=\"lazy\" decoding=\"async\" class=\"alignnone size-medium wp-image-197\" src=\"https:\/\/kammerchor-fuerstenwalde.de\/wp-content\/uploads\/2026\/03\/Grab_Fichtmueller-300x169.jpg\" alt=\"\" width=\"300\" height=\"169\" srcset=\"https:\/\/kammerchor-fuerstenwalde.de\/wp-content\/uploads\/2026\/03\/Grab_Fichtmueller-300x169.jpg 300w, https:\/\/kammerchor-fuerstenwalde.de\/wp-content\/uploads\/2026\/03\/Grab_Fichtmueller-1024x576.jpg 1024w, https:\/\/kammerchor-fuerstenwalde.de\/wp-content\/uploads\/2026\/03\/Grab_Fichtmueller-768x432.jpg 768w, https:\/\/kammerchor-fuerstenwalde.de\/wp-content\/uploads\/2026\/03\/Grab_Fichtmueller-1536x864.jpg 1536w, https:\/\/kammerchor-fuerstenwalde.de\/wp-content\/uploads\/2026\/03\/Grab_Fichtmueller-800x450.jpg 800w, https:\/\/kammerchor-fuerstenwalde.de\/wp-content\/uploads\/2026\/03\/Grab_Fichtmueller.jpg 2000w\" sizes=\"auto, (max-width: 300px) 100vw, 300px\" \/><\/p>\n<hr \/>\n<p><strong>Sommerfest am 30. Juni 2025 in Braunsdorf<br \/><\/strong>Als letzte gemeinsame Veranstaltung vor der Sommerpause trafen sich fast alle S\u00e4ngerinnen und S\u00e4nger zum Sommerfest an nun schon traditioneller Stelle in Braunsdorf. Die mitgebrachten lukullischen Spezialit\u00e4ten wurden zu einem \u00fcppigen und abwechslungsreichen Buffett zusammengestellt. Andre Sch\u00e4dlich fungierte wieder als Grillmeister. Der hohen Temperaturen wegen wurde auch viel Fl\u00fcssigkeit konsumiert, vorwiegend Wasser, S\u00e4fte, alkoholfreies Bier, Alkoholika blieben weitgehend unber\u00fchrt. Trotzdem war&#8217;s recht lustig!<\/p>\n<p><img loading=\"lazy\" decoding=\"async\" class=\"alignnone size-medium wp-image-205\" src=\"https:\/\/kammerchor-fuerstenwalde.de\/wp-content\/uploads\/2026\/03\/Sommerfest25_1-300x193.jpg\" alt=\"\" width=\"300\" height=\"193\" srcset=\"https:\/\/kammerchor-fuerstenwalde.de\/wp-content\/uploads\/2026\/03\/Sommerfest25_1-300x193.jpg 300w, https:\/\/kammerchor-fuerstenwalde.de\/wp-content\/uploads\/2026\/03\/Sommerfest25_1-1024x658.jpg 1024w, https:\/\/kammerchor-fuerstenwalde.de\/wp-content\/uploads\/2026\/03\/Sommerfest25_1-768x493.jpg 768w, https:\/\/kammerchor-fuerstenwalde.de\/wp-content\/uploads\/2026\/03\/Sommerfest25_1.jpg 1200w\" sizes=\"auto, (max-width: 300px) 100vw, 300px\" \/><\/p>\n<hr \/>\n<p><strong>Fr\u00fchlingskonzerte 2025<br \/><\/strong>Zum Abschluss der Fr\u00fchlings-Konzertreihe sangen wir am Sa. 28. Juni\u00a0 traditionsgem\u00e4\u00df in der Martin-Luther-Kirche in F\u00fcrstenwalde-S\u00fcd. Trotz bestem Sommerwetter kamen \u00fcber 100 Zuh\u00f6rer zum Konzert.<\/p>\n<p><img loading=\"lazy\" decoding=\"async\" class=\"alignnone size-medium wp-image-196\" src=\"https:\/\/kammerchor-fuerstenwalde.de\/wp-content\/uploads\/2026\/03\/Fruehl_Suedkirche_25-300x199.jpg\" alt=\"\" width=\"300\" height=\"199\" srcset=\"https:\/\/kammerchor-fuerstenwalde.de\/wp-content\/uploads\/2026\/03\/Fruehl_Suedkirche_25-300x199.jpg 300w, https:\/\/kammerchor-fuerstenwalde.de\/wp-content\/uploads\/2026\/03\/Fruehl_Suedkirche_25-1024x681.jpg 1024w, https:\/\/kammerchor-fuerstenwalde.de\/wp-content\/uploads\/2026\/03\/Fruehl_Suedkirche_25-768x510.jpg 768w, https:\/\/kammerchor-fuerstenwalde.de\/wp-content\/uploads\/2026\/03\/Fruehl_Suedkirche_25.jpg 1512w\" sizes=\"auto, (max-width: 300px) 100vw, 300px\" \/><\/p>\n<p>Die vorausgegangenen Fr\u00fchlingskonzerte am So. 4. Mai in der Kirche Reichenwalde und am Sa. 17. Mai in der Kirche Pfaffendorf waren ebenfalls gut besucht. Das Reichenwalder Publikum erinnerte sich an ein Konzert des Kammerchores im Jahre 2014, dessen Spendenaufkommen der Chor als Beitrag zur Sanierung des Kirchturms der Kirchengemeinde \u00fcberlie\u00df. In Pfaffendorf begr\u00fc\u00dfte der Heimatverein den Chor bereits zum vierten Mal.<\/p>\n<hr \/>\n<p><strong>Lange Chorprobe am Wochenende<br \/><\/strong>Am Samstag, den 5. April 2025 fand in Vorbereitung zu den diesj\u00e4hrigen Fr\u00fchlingskonzerten eine Sonderprobe statt. Die S\u00e4ngerinnen und S\u00e4nger trafen sich um 10 Uhr im Gemeindehaus Braunsdorf und probten bis 17 Uhr. Das gesamte Programm wurde unter der Leitung von Rudolf Tiersch intensiv geprobt und eine Reihe von Unsauberkeiten, die sich auch bei den schon h\u00e4ufig gesungenen Liedern eingeschlichen hatten, ausgeb\u00fcgelt.<\/p>\n<p>Im Anschluss an die Probe wurde die allj\u00e4hrliche Mitgliederversammlung durchgef\u00fchrt.<\/p>\n<hr \/>\n<p><strong>Neujahrskonzert des Kammerorchesters F\u00fcrstenwalde<br \/><\/strong>Am Neujahrskonzert des Kammerorchesters F\u00fcrstenwalde am So. 5. Januar im Dom zu F\u00fcrstenwalde unter der Leitung von Yukari Ishimoto beteiligte sich auch der Kammerchor. Das &#8222;Ave verum&#8220; von W.A. Mozart und der Chor der Gefangenen &#8222;Coro di Schiavi Ebrei&#8220; aus Nabucco von G. Verdi erklangen in Versionen f\u00fcr Chor und Orchester.<\/p>\n<hr \/>\n<p><strong>Weihnachtskonzerte 2024<br \/><\/strong>Auch in diesem Jahr gab es wieder Weihnachtskonzerte, die erfreulich gut besucht waren.<\/p>\n<p>Am Montag, den 9. Dezember 2024 sangen S\u00e4ngerinnen und S\u00e4nger des Kammerchores nachmittags im DRK Altenpflegeheim in der Frankfurter Stra\u00dfe.<\/p>\n<p>Anschlie\u00dfend ging&#8217;s weiter in die Kirche von Neu Golm. Dort lauschten ca. 80 G\u00e4ste dem Konzert.<\/p>\n<p><img loading=\"lazy\" decoding=\"async\" class=\"alignnone size-medium wp-image-209\" src=\"https:\/\/kammerchor-fuerstenwalde.de\/wp-content\/uploads\/2026\/03\/Weihn-NeuGolm24a-300x135.jpg\" alt=\"\" width=\"300\" height=\"135\" srcset=\"https:\/\/kammerchor-fuerstenwalde.de\/wp-content\/uploads\/2026\/03\/Weihn-NeuGolm24a-300x135.jpg 300w, https:\/\/kammerchor-fuerstenwalde.de\/wp-content\/uploads\/2026\/03\/Weihn-NeuGolm24a-1024x461.jpg 1024w, https:\/\/kammerchor-fuerstenwalde.de\/wp-content\/uploads\/2026\/03\/Weihn-NeuGolm24a-768x346.jpg 768w, https:\/\/kammerchor-fuerstenwalde.de\/wp-content\/uploads\/2026\/03\/Weihn-NeuGolm24a-1536x692.jpg 1536w, https:\/\/kammerchor-fuerstenwalde.de\/wp-content\/uploads\/2026\/03\/Weihn-NeuGolm24a.jpg 1600w\" sizes=\"auto, (max-width: 300px) 100vw, 300px\" \/> <br \/>Kirche Neu Golm<\/p>\n<p>Am Samstag, den 14. Dezember 2024 gab der Chor dann traditionsgem\u00e4\u00df sein Jahresabschlusskonzert in der Martin-Luther-Kirche in F\u00fcrstenwalde-S\u00fcd. Etwa 120 Zuh\u00f6rer und Zuh\u00f6rerinnen lie\u00dfen sich von den Weihnachtsliedern auf das bevorstehende Fest einstimmen.<\/p>\n<p><img loading=\"lazy\" decoding=\"async\" class=\"alignnone size-medium wp-image-210\" src=\"https:\/\/kammerchor-fuerstenwalde.de\/wp-content\/uploads\/2026\/03\/Weihn-Sdkirche24a-300x225.jpg\" alt=\"\" width=\"300\" height=\"225\" srcset=\"https:\/\/kammerchor-fuerstenwalde.de\/wp-content\/uploads\/2026\/03\/Weihn-Sdkirche24a-300x225.jpg 300w, https:\/\/kammerchor-fuerstenwalde.de\/wp-content\/uploads\/2026\/03\/Weihn-Sdkirche24a-1024x769.jpg 1024w, https:\/\/kammerchor-fuerstenwalde.de\/wp-content\/uploads\/2026\/03\/Weihn-Sdkirche24a-768x576.jpg 768w, https:\/\/kammerchor-fuerstenwalde.de\/wp-content\/uploads\/2026\/03\/Weihn-Sdkirche24a-1536x1153.jpg 1536w, https:\/\/kammerchor-fuerstenwalde.de\/wp-content\/uploads\/2026\/03\/Weihn-Sdkirche24a.jpg 1600w\" sizes=\"auto, (max-width: 300px) 100vw, 300px\" \/><br \/>Martin-Luther-Kirche F\u00fcrstenwalde-S\u00fcd<\/p>\n<p>Nach dem Konzert verabschiedeten sich die Chormitglieder auf ihrer Weihnachtsfeier f\u00fcr dieses Jahr voneinander und von ihrem Dirigenten Rudolf Tiersch.<\/p>\n<hr \/>\n<p>\u00a0<\/p>\n<p><strong>Beisetzung<br \/><\/strong>Die Urne unseres langj\u00e4hrigen Chormitgliedes Reinhard Schulz, Basss\u00e4nger und ehemaliger Notenwart, wurde am 3.8.2024 auf dem F\u00fcrstenwalder Friedhof beigesetzt. Trotz Urlaubszeit kamen rund ein Dutzend S\u00e4ngerinnen und S\u00e4nger und gaben ihm die letzte Ehre. Ein gedenkendes &#8222;Dona nobis pacem&#8220; erklang als letzter musikalischer Gru\u00df.<\/p>\n<p><img loading=\"lazy\" decoding=\"async\" class=\"alignnone size-medium wp-image-207\" src=\"https:\/\/kammerchor-fuerstenwalde.de\/wp-content\/uploads\/2026\/03\/Trauerflor-300x225.jpg\" alt=\"\" width=\"300\" height=\"225\" srcset=\"https:\/\/kammerchor-fuerstenwalde.de\/wp-content\/uploads\/2026\/03\/Trauerflor-300x225.jpg 300w, https:\/\/kammerchor-fuerstenwalde.de\/wp-content\/uploads\/2026\/03\/Trauerflor.jpg 512w\" sizes=\"auto, (max-width: 300px) 100vw, 300px\" \/><\/p>\n<hr \/>\n<p><strong>Saisonabschluss 2024<br \/><\/strong>Wie jedes Jahr schloss der Chor die Fr\u00fchjahrssaison mit einem Grillfest ab. Sch\u00fctzte uns letztes Jahr das Schleppdach noch vor Regenschauern, schirmte es in diesem Jahr die Sonne ab. Andre&#8216; grillte Bratw\u00fcrstchen (Huhn und Schwein), alle brachten leckere Bestandteile f\u00fcr ein \u00fcppiges Grill-Buffett mit. Gesungen wurde auch. Die Stimmung war pr\u00e4chtig.<\/p>\n<p><img loading=\"lazy\" decoding=\"async\" class=\"alignnone size-medium wp-image-198\" src=\"https:\/\/kammerchor-fuerstenwalde.de\/wp-content\/uploads\/2026\/03\/Grillen2024-1-169x300.jpg\" alt=\"\" width=\"169\" height=\"300\" srcset=\"https:\/\/kammerchor-fuerstenwalde.de\/wp-content\/uploads\/2026\/03\/Grillen2024-1-169x300.jpg 169w, https:\/\/kammerchor-fuerstenwalde.de\/wp-content\/uploads\/2026\/03\/Grillen2024-1-576x1024.jpg 576w, https:\/\/kammerchor-fuerstenwalde.de\/wp-content\/uploads\/2026\/03\/Grillen2024-1-768x1365.jpg 768w, https:\/\/kammerchor-fuerstenwalde.de\/wp-content\/uploads\/2026\/03\/Grillen2024-1-864x1536.jpg 864w, https:\/\/kammerchor-fuerstenwalde.de\/wp-content\/uploads\/2026\/03\/Grillen2024-1.jpg 1152w\" sizes=\"auto, (max-width: 169px) 100vw, 169px\" \/><\/p>\n<hr \/>\n<p><strong>Abschied von einem treuen S\u00e4nger<br \/><\/strong>Mit gro\u00dfem Bedauern erfuhren wir, dass unser langj\u00e4hriger Mitstreiter im Bass, Reinhard Schulz am 2. Juli 2024, seinem 87. Geburtstag verstorben ist. Reinhard stie\u00df Anfang der 60er zum F\u00fcrstenwalder Doppelquartett und blieb dem Chor auch nach Umgr\u00fcndung in das heutige Ensemble &#8222;Kammerchor F\u00fcrstenwalde&#8220; treu. Er war f\u00fcr viele Bass-S\u00e4nger, die nach ihm kamen, musikalischer Halt und St\u00fctze bei Proben und Konzerten. Wir werden ihn in anerkennender Erinnerung behalten.<\/p>\n<hr \/>\n<p><strong>Chorfahrt in die Partnerstadt Reinheim vom 14. bis 17. Juni 2024<br \/><\/strong>Unsere Chorfahrt in die Partnerstadt Reinheim war ein voller Erfolg. Die Begr\u00fc\u00dfung am Freitagabend durch B\u00fcrgermeister Manuel Feick und den Partnerschaftsverein, die F\u00fchrung am Samstagmorgen \u00fcber die Darmst\u00e4dter K\u00fcnstlerkolonie &#8222;Mathildenh\u00f6he&#8220; (Weltkulturerbe seit 3 Jahren), unser Konzert in der Dreifaltigkeitskirche Reinheim am Samstagnachmittag und der Rundgang \u00fcber den Reinheimer Markt (das j\u00e4hrliche Stadtfest): Es kam keine Langeweile auf. Die Beziehungen zwischen Reinheimer Partnerschaftsverein und Kammerchor F\u00fcrstenwalde, die schon seit 1990 bestehen, wurden erneuert und aufgefrischt.\u00a0<\/p>\n<p><img loading=\"lazy\" decoding=\"async\" class=\"alignnone size-medium wp-image-203\" src=\"https:\/\/kammerchor-fuerstenwalde.de\/wp-content\/uploads\/2026\/03\/Mathildenhoehe1-225x300.jpg\" alt=\"\" width=\"225\" height=\"300\" srcset=\"https:\/\/kammerchor-fuerstenwalde.de\/wp-content\/uploads\/2026\/03\/Mathildenhoehe1-225x300.jpg 225w, https:\/\/kammerchor-fuerstenwalde.de\/wp-content\/uploads\/2026\/03\/Mathildenhoehe1-768x1024.jpg 768w, https:\/\/kammerchor-fuerstenwalde.de\/wp-content\/uploads\/2026\/03\/Mathildenhoehe1-1152x1536.jpg 1152w, https:\/\/kammerchor-fuerstenwalde.de\/wp-content\/uploads\/2026\/03\/Mathildenhoehe1.jpg 1200w\" sizes=\"auto, (max-width: 225px) 100vw, 225px\" \/><br \/>Auf der Mathildenh\u00f6he<\/p>\n<p><img loading=\"lazy\" decoding=\"async\" class=\"alignnone size-medium wp-image-201\" src=\"https:\/\/kammerchor-fuerstenwalde.de\/wp-content\/uploads\/2026\/03\/Kirche3-300x225.jpg\" alt=\"\" width=\"300\" height=\"225\" srcset=\"https:\/\/kammerchor-fuerstenwalde.de\/wp-content\/uploads\/2026\/03\/Kirche3-300x225.jpg 300w, https:\/\/kammerchor-fuerstenwalde.de\/wp-content\/uploads\/2026\/03\/Kirche3-1024x768.jpg 1024w, https:\/\/kammerchor-fuerstenwalde.de\/wp-content\/uploads\/2026\/03\/Kirche3-768x576.jpg 768w, https:\/\/kammerchor-fuerstenwalde.de\/wp-content\/uploads\/2026\/03\/Kirche3-1536x1152.jpg 1536w, https:\/\/kammerchor-fuerstenwalde.de\/wp-content\/uploads\/2026\/03\/Kirche3.jpg 2048w\" sizes=\"auto, (max-width: 300px) 100vw, 300px\" \/><br \/>\u00a0Konzert in der Dreifaltigkeitskirche<\/p>\n<p>\u00a0<\/p>\n<p><img loading=\"lazy\" decoding=\"async\" class=\"alignnone size-medium wp-image-200\" src=\"https:\/\/kammerchor-fuerstenwalde.de\/wp-content\/uploads\/2026\/03\/Hofgut-300x214.jpg\" alt=\"\" width=\"300\" height=\"214\" srcset=\"https:\/\/kammerchor-fuerstenwalde.de\/wp-content\/uploads\/2026\/03\/Hofgut-300x214.jpg 300w, https:\/\/kammerchor-fuerstenwalde.de\/wp-content\/uploads\/2026\/03\/Hofgut-1024x730.jpg 1024w, https:\/\/kammerchor-fuerstenwalde.de\/wp-content\/uploads\/2026\/03\/Hofgut-768x548.jpg 768w, https:\/\/kammerchor-fuerstenwalde.de\/wp-content\/uploads\/2026\/03\/Hofgut.jpg 1481w\" sizes=\"auto, (max-width: 300px) 100vw, 300px\" \/><\/p>\n<p>Im Hofgut<\/p>\n<hr \/>\n<p><strong>Fr\u00fchlingskonzert 2024 in der Martin-Luther-Kirche in F\u00fcrstenwalde\/S\u00fcd<br \/><\/strong>Am Samstag, den 8. Juni fand das letzte Fr\u00fchlingskonzert des Jahres in der Martin-Luther-Kirche in F\u00fcrstenwalde\/S\u00fcd statt. Knapp 70 Zuh\u00f6rerinnen und Zuh\u00f6rer verfolgten die Lieder und kurzen Gedichte.<\/p>\n<p>Das Konzert war dem im April verstorbenen Ehrenvorsitzenden des Chores, Wolfgang Andres gewidmet. Aus diesem Anlass nahm der Dirigent Rudolf Tiersch zus\u00e4tzlich das Lied &#8222;Land am m\u00e4rkischen Meer&#8220; ins Programm auf. Den Text dieses Liedes hatte Wolfgang Andres seinerzeit selbst verfasst.<\/p>\n<p><img loading=\"lazy\" decoding=\"async\" class=\"alignnone size-medium wp-image-206\" src=\"https:\/\/kammerchor-fuerstenwalde.de\/wp-content\/uploads\/2026\/03\/Suedkirche_Juni24-300x122.jpg\" alt=\"\" width=\"300\" height=\"122\" srcset=\"https:\/\/kammerchor-fuerstenwalde.de\/wp-content\/uploads\/2026\/03\/Suedkirche_Juni24-300x122.jpg 300w, https:\/\/kammerchor-fuerstenwalde.de\/wp-content\/uploads\/2026\/03\/Suedkirche_Juni24-768x312.jpg 768w, https:\/\/kammerchor-fuerstenwalde.de\/wp-content\/uploads\/2026\/03\/Suedkirche_Juni24-800x326.jpg 800w, https:\/\/kammerchor-fuerstenwalde.de\/wp-content\/uploads\/2026\/03\/Suedkirche_Juni24.jpg 803w\" sizes=\"auto, (max-width: 300px) 100vw, 300px\" \/><br \/>Foto: Roland Schulze<\/p>\n<hr \/>\n<p><strong>Fr\u00fchlingskonzert in Hasenfelde<br \/><\/strong>Am Sonntag, den 5. Mai 2024 fand in der Kirche in Hasenfelde das zweite Fr\u00fchlingskonzert statt. Etwa 80 Zuh\u00f6rer waren gekommen und h\u00f6rten au\u00dfer den Liedern auch kurze Gedichte vom Fr\u00fchling, die von den Moderatoren Andre Sch\u00e4dlich, Fritjhof M\u00fcller und Dorothee Koch vorgetragen wurden. Nach dem Konzert lud die Kirchengemeinde alle S\u00e4ngerinnen und S\u00e4nger sowie die Zuh\u00f6rer zu Kaffee und Kuchen ein.<\/p>\n<p><img loading=\"lazy\" decoding=\"async\" class=\"alignnone size-medium wp-image-199\" src=\"https:\/\/kammerchor-fuerstenwalde.de\/wp-content\/uploads\/2026\/03\/Hasenfelde24-300x247.jpg\" alt=\"\" width=\"300\" height=\"247\" srcset=\"https:\/\/kammerchor-fuerstenwalde.de\/wp-content\/uploads\/2026\/03\/Hasenfelde24-300x247.jpg 300w, https:\/\/kammerchor-fuerstenwalde.de\/wp-content\/uploads\/2026\/03\/Hasenfelde24.jpg 660w\" sizes=\"auto, (max-width: 300px) 100vw, 300px\" \/><br \/>Foto: Lisse<\/p>\n<hr \/>\n<p><strong>Neuer Vorstand hat sich konstituiert<br \/><\/strong>In der konstituierenden Vorstandssitzung am 2. Mai 2024 hat sich der in der Mitgliederversammlung vom 22. April neu gew\u00e4hlte Vorstand konstituiert:<\/p>\n<ul>\n<li>Mathilde Killisch\u00a0 \u00a0 \u00a0 \u00a0 Vorsitzende<\/li>\n<li>Sabine Schwarz\u00a0 \u00a0 \u00a0 \u00a0 Stellvertreterin<\/li>\n<li>Antje M\u00fcller\u00a0 \u00a0 \u00a0 \u00a0 \u00a0 \u00a0 \u00a0 \u00a0Schatzmeisterin<\/li>\n<li>Edith Wulff, Heide Schulze, Hans Hellmuth als nicht vertretungsberechtigte Vorstandsmitglieder<\/li>\n<\/ul>\n<hr \/>\n<p><strong>Trauer um den Ehrenvorsitzenden<\/strong><\/p>\n<p><img loading=\"lazy\" decoding=\"async\" class=\"alignnone size-full wp-image-211\" src=\"https:\/\/kammerchor-fuerstenwalde.de\/wp-content\/uploads\/2026\/03\/Wolfgang.jpg\" alt=\"\" width=\"255\" height=\"300\" \/><\/p>\n<p><strong>Wolfgang Andres<\/strong>, Gr\u00fcndungsmitglied des Chores in 1946, langj\u00e4hriger Vorsitzender und Ehrenvorsitzender ist am Abend des 19. April 2024 im Kreis seiner Familie verstorben. Alle S\u00e4ngerinnen und S\u00e4nger sind best\u00fcrzt und trauern um den S\u00e4nger und Organisator, der \u00fcber 75 Jahre den Chor ma\u00dfgeblich mitentwickelt, gef\u00f6rdert und zu \u00fcberregionaler Bekanntheit gef\u00fchrt hat.<\/p>\n<hr \/>\n<p><strong>Fr\u00fchlingskonzerte 2024<br \/><\/strong>Das erste Fr\u00fchlingskonzert des Jahres 2024 fand am 12. April in der Genezarethkirche in Erkner statt. Knapp 100 Zuh\u00f6rerinnen und Zuh\u00f6rer verfolgten das Konzert, das neben geistlichen Lieder auch bekannte Volkslieder beinhaltete, die in manchmal \u00fcberraschendem Chorsatz pr\u00e4sentiert wurden. (Es klappert die M\u00fchle am rauschenden Bach; Kuckuck, Kuckuck rufts aus dem Wald; K\u00e4ferlied)<\/p>\n<p><img loading=\"lazy\" decoding=\"async\" class=\"alignnone size-medium wp-image-195\" src=\"https:\/\/kammerchor-fuerstenwalde.de\/wp-content\/uploads\/2026\/03\/Erkner2_12Apr24-300x150.jpg\" alt=\"\" width=\"300\" height=\"150\" srcset=\"https:\/\/kammerchor-fuerstenwalde.de\/wp-content\/uploads\/2026\/03\/Erkner2_12Apr24-300x150.jpg 300w, https:\/\/kammerchor-fuerstenwalde.de\/wp-content\/uploads\/2026\/03\/Erkner2_12Apr24-1024x512.jpg 1024w, https:\/\/kammerchor-fuerstenwalde.de\/wp-content\/uploads\/2026\/03\/Erkner2_12Apr24-768x384.jpg 768w, https:\/\/kammerchor-fuerstenwalde.de\/wp-content\/uploads\/2026\/03\/Erkner2_12Apr24-1536x768.jpg 1536w, https:\/\/kammerchor-fuerstenwalde.de\/wp-content\/uploads\/2026\/03\/Erkner2_12Apr24.jpg 1600w\" sizes=\"auto, (max-width: 300px) 100vw, 300px\" \/><br \/>Foto: Petra Loeper<\/p>\n\n\n<p><\/p>\n","protected":false},"excerpt":{"rendered":"<p>Erfolgreicher Auftakt der Reihe &#8222;Lieder, Leute, Lyrik&#8220; Das erste Konzert der neuen Reihe zur F\u00fcrstenwalder Geschichte fand am So. 19. April 2026 im fast voll besetzten Dom zu F\u00fcrstenwalde statt. Sieben Laiendarsteller spielten in vier Szenen historische Begebenheiten nach, die&#8230;<\/p>\n","protected":false},"author":1,"featured_media":0,"comment_status":"closed","ping_status":"closed","sticky":false,"template":"","format":"standard","meta":{"footnotes":""},"categories":[1],"tags":[],"class_list":["post-193","post","type-post","status-publish","format-standard","hentry","category-allgemein"],"_links":{"self":[{"href":"https:\/\/kammerchor-fuerstenwalde.de\/index.php?rest_route=\/wp\/v2\/posts\/193","targetHints":{"allow":["GET"]}}],"collection":[{"href":"https:\/\/kammerchor-fuerstenwalde.de\/index.php?rest_route=\/wp\/v2\/posts"}],"about":[{"href":"https:\/\/kammerchor-fuerstenwalde.de\/index.php?rest_route=\/wp\/v2\/types\/post"}],"author":[{"embeddable":true,"href":"https:\/\/kammerchor-fuerstenwalde.de\/index.php?rest_route=\/wp\/v2\/users\/1"}],"replies":[{"embeddable":true,"href":"https:\/\/kammerchor-fuerstenwalde.de\/index.php?rest_route=%2Fwp%2Fv2%2Fcomments&post=193"}],"version-history":[{"count":16,"href":"https:\/\/kammerchor-fuerstenwalde.de\/index.php?rest_route=\/wp\/v2\/posts\/193\/revisions"}],"predecessor-version":[{"id":371,"href":"https:\/\/kammerchor-fuerstenwalde.de\/index.php?rest_route=\/wp\/v2\/posts\/193\/revisions\/371"}],"wp:attachment":[{"href":"https:\/\/kammerchor-fuerstenwalde.de\/index.php?rest_route=%2Fwp%2Fv2%2Fmedia&parent=193"}],"wp:term":[{"taxonomy":"category","embeddable":true,"href":"https:\/\/kammerchor-fuerstenwalde.de\/index.php?rest_route=%2Fwp%2Fv2%2Fcategories&post=193"},{"taxonomy":"post_tag","embeddable":true,"href":"https:\/\/kammerchor-fuerstenwalde.de\/index.php?rest_route=%2Fwp%2Fv2%2Ftags&post=193"}],"curies":[{"name":"wp","href":"https:\/\/api.w.org\/{rel}","templated":true}]}}