{"id":3,"date":"2013-12-10T17:36:00","date_gmt":"2013-12-10T16:36:00","guid":{"rendered":"https:\/\/kammerchor-fuerstenwalde.de\/wordpress\/2013\/12\/10\/singen-ist-balsam-fuer-die-seele\/"},"modified":"2026-04-21T12:33:21","modified_gmt":"2026-04-21T10:33:21","slug":"singen-ist-balsam-fuer-die-seele","status":"publish","type":"post","link":"https:\/\/kammerchor-fuerstenwalde.de\/?p=3","title":{"rendered":"Singen ist Balsam f\u00fcr die Seele!"},"content":{"rendered":"<figure id=\"attachment_2\" aria-describedby=\"caption-attachment-2\" style=\"width: 197px\" class=\"wp-caption alignright\"><img loading=\"lazy\" decoding=\"async\" class=\"size-full wp-image-2\" src=\"https:\/\/kammerchor-fuerstenwalde.de\/wp-content\/uploads\/2013\/12\/tiersch-2013.jpg\" alt=\"Rudolf Tiersch Dirigent des Kammerchores F\u00fcrstenwalde\" width=\"197\" height=\"238\" \/><figcaption id=\"caption-attachment-2\" class=\"wp-caption-text\">Rudolf Tiersch Dirigent des Kammerchores F\u00fcrstenwalde<\/figcaption><\/figure>\n<p><span style=\"font-size: small;\"><span style=\"font-family: verdana,geneva;\"><strong>Singen Sie auch gern? Vielleicht haben Sie ja Lust und Zeit, mit uns gemeinsam zu singen?<\/strong><br \/>\nSie m\u00fcssen keine musikalische Ausbildung haben, sollten aber beim Singen doch <\/span><\/span><span style=\"font-size: small;\"><span style=\"font-family: verdana,geneva;\">\u00bb<\/span><\/span><span style=\"font-size: small;\"><span style=\"font-family: verdana,geneva;\">die T\u00f6ne treffen<\/span><\/span><span style=\"font-size: small;\"><span style=\"font-family: verdana,geneva;\">\u00ab<\/span><\/span><span style=\"font-size: small;\"><span style=\"font-family: verdana,geneva;\">. <\/span><\/span><\/p>\n<p><span style=\"font-size: small;\"><span style=\"font-family: verdana,geneva;\">Wenn Sie dazu noch bereit sind, au\u00dfer der notwendigen w\u00f6chentlichen Probenzeit auch noch die Zeit f\u00fcr Konzerte, m\u00f6gliche Chorfahrten und gelegentliche Wochenendschulungen f\u00fcr uns freizuhalten, sind Sie herzlich zum Mitsingen eingeladen. Das gilt ganz besonders f\u00fcr die M\u00e4nnerstimmen, insbesondere f\u00fcr Ten\u00f6re!<br \/>\n<\/span><\/span><\/p>\n<p><span style=\"font-size: small;\"><span style=\"font-family: verdana,geneva;\">Das Liedgut aus den vergangenen f\u00fcnf Jahrhunderten wird von ca. 45 begeisterten S\u00e4ngerinnen und S\u00e4ngern sehr erfolgreich gepflegt und repr\u00e4sentiert.<br \/>\nDer Chor wird von Rudolf Tiersch (Foto), Diplomchordirigent und Leiter der Frankfurter Singakademie sowie Chordirektor des ADC, professionell und engagiert gef\u00fchrt.<br \/>\nEinen Ausschnitt aus unserem Repertoire k\u00f6nnen Sie durch unsere bisherigen <a href=\"https:\/\/kammerchor-fuerstenwalde.de\/?p=6\"><strong>CDs<\/strong> <\/a>erleben.<\/span><\/span><\/p>\n<p>Der Kammerchor \u00bbGeschwister Scholl\u00ab F\u00fcrstenwalde\/Spree <span style=\"font-size: small;\"><span style=\"font-family: verdana,geneva;\">e.V. <\/span><\/span><span style=\"font-size: small;\"><span style=\"font-family: verdana,geneva;\">geh\u00f6rte zu den Mitbegr\u00fcndern des Landesverbandes des Deutschen Allgemeinen S\u00e4ngerbundes im Land Brandenburg und ist heute Mitglied im <strong><a href=\"http:\/\/www.chorverband-brb.de\" target=\"_blank\" rel=\"noopener noreferrer\">Brandenburgischen Chorverband<\/a><\/strong>.<br \/>\n<\/span><\/span><\/p>\n<p><span style=\"font-size: small;\"><span style=\"font-family: verdana,geneva;\">Im Jahr 2021 beging der Kammerchor sein 75j\u00e4hriges Jubil\u00e4um. Zu diesem Anlass wurde von einigen S\u00e4ngerinnen und S\u00e4ngern des Chores, vor allem vom ehemaligen langj\u00e4hrigen Vorsitzenden und Gr\u00fcndungsmitglied Wolfgang Andres, eine umfangreiche Chorchronik in Buch-Form erarbeitet und herausgebracht. (siehe Publikationen und CDs)<\/span><\/span><\/p>\n<p><span style=\"font-size: small;\"><span style=\"font-family: verdana,geneva;\">Wir proben immer <strong>montags von 19:30 Uhr &#8211; 21:30 Uhr in der Musikschule F\u00fcrstenwalde, <\/strong>Fiete-Schulze-Stra\u00dfe (Frankfurter Stra\u00dfe). Kommen Sie doch einfach einmal vorbei und machen sich selbst eine Bild von uns! <strong>Wir freuen uns auf Sie!<\/strong><\/span><\/span><\/p>\n","protected":false},"excerpt":{"rendered":"<p>Singen Sie auch gern? Vielleicht haben Sie ja Lust und Zeit, mit uns gemeinsam zu singen? Sie m\u00fcssen keine musikalische Ausbildung haben, sollten aber beim Singen doch \u00bbdie T\u00f6ne treffen\u00ab. Wenn Sie dazu noch bereit sind, au\u00dfer der notwendigen w\u00f6chentlichen&#8230;<\/p>\n","protected":false},"author":1,"featured_media":2,"comment_status":"closed","ping_status":"closed","sticky":false,"template":"","format":"standard","meta":{"footnotes":""},"categories":[8],"tags":[],"class_list":["post-3","post","type-post","status-publish","format-standard","has-post-thumbnail","hentry","category-kontakt"],"_links":{"self":[{"href":"https:\/\/kammerchor-fuerstenwalde.de\/index.php?rest_route=\/wp\/v2\/posts\/3","targetHints":{"allow":["GET"]}}],"collection":[{"href":"https:\/\/kammerchor-fuerstenwalde.de\/index.php?rest_route=\/wp\/v2\/posts"}],"about":[{"href":"https:\/\/kammerchor-fuerstenwalde.de\/index.php?rest_route=\/wp\/v2\/types\/post"}],"author":[{"embeddable":true,"href":"https:\/\/kammerchor-fuerstenwalde.de\/index.php?rest_route=\/wp\/v2\/users\/1"}],"replies":[{"embeddable":true,"href":"https:\/\/kammerchor-fuerstenwalde.de\/index.php?rest_route=%2Fwp%2Fv2%2Fcomments&post=3"}],"version-history":[{"count":3,"href":"https:\/\/kammerchor-fuerstenwalde.de\/index.php?rest_route=\/wp\/v2\/posts\/3\/revisions"}],"predecessor-version":[{"id":375,"href":"https:\/\/kammerchor-fuerstenwalde.de\/index.php?rest_route=\/wp\/v2\/posts\/3\/revisions\/375"}],"wp:featuredmedia":[{"embeddable":true,"href":"https:\/\/kammerchor-fuerstenwalde.de\/index.php?rest_route=\/wp\/v2\/media\/2"}],"wp:attachment":[{"href":"https:\/\/kammerchor-fuerstenwalde.de\/index.php?rest_route=%2Fwp%2Fv2%2Fmedia&parent=3"}],"wp:term":[{"taxonomy":"category","embeddable":true,"href":"https:\/\/kammerchor-fuerstenwalde.de\/index.php?rest_route=%2Fwp%2Fv2%2Fcategories&post=3"},{"taxonomy":"post_tag","embeddable":true,"href":"https:\/\/kammerchor-fuerstenwalde.de\/index.php?rest_route=%2Fwp%2Fv2%2Ftags&post=3"}],"curies":[{"name":"wp","href":"https:\/\/api.w.org\/{rel}","templated":true}]}}