{"id":39,"date":"2013-12-11T18:03:30","date_gmt":"2013-12-11T17:03:30","guid":{"rendered":"https:\/\/kammerchor-fuerstenwalde.de\/wordpress\/2013\/12\/11\/veranstaltung-geschichte-gedichte-gesang-2014\/"},"modified":"2026-03-17T18:42:19","modified_gmt":"2026-03-17T17:42:19","slug":"veranstaltung-geschichte-gedichte-gesang-2014","status":"publish","type":"post","link":"https:\/\/kammerchor-fuerstenwalde.de\/?p=39","title":{"rendered":"GGG"},"content":{"rendered":"<p><strong>Veranstaltungsreihe &#8222;Geschichte, Gedichte, Gesang&#8220;<\/strong><\/p>\n<p>Die Veranstaltungsreihe &#8222;Geschichte, Gedichte, Gesang&#8220; begann im Jahre 2012 im F\u00fcrstenwalder Hof und wurde so positiv von den Zuh\u00f6rern angenommen, dass die Raumkapazit\u00e4t dort nicht mehr ausreichte und der Chor das Angebot der Kirchengemeinde des St. Marien-Doms F\u00fcrstenwalde dankend annahm, die weiteren Auff\u00fchrung im Dom durchzuf\u00fchren. Der Chor sieht diese Veranstaltungsreihe als seinen Beitrag zu den Veranstaltungen im Zusammenhang mit dem 750-j\u00e4hrigen Stadtjubil\u00e4um in 2022. In diesem Jubil\u00e4umsjahr endete die Konzertreihe mit der 10. Folge.<\/p>\n<p>Zu jedem Konzert erschien ein Programm-Begleitheft, in dem alle vorgetragenen Texte und gezeigten Bilder abgedruckt sind. Die Hefte der vergangenen Konzerte sind im folgenden herunterzuladen, sie k\u00f6nnen auch beim Chor angefordert werden.<\/p>\n<table>\n<tbody>\n<tr>\n<td><a class=\"wfpopup wf-mediabox-is-centered wf-zoom-image\" href=\"https:\/\/kammerchor-fuerstenwalde.de\/wp-content\/uploads\/2013\/12\/GeGeGe2012.png\"><img loading=\"lazy\" decoding=\"async\" src=\"https:\/\/kammerchor-fuerstenwalde.de\/wp-content\/uploads\/2013\/12\/GeGeGe2012klein.png\" alt=\"GeGeGe2012\" width=\"275\" height=\"194\" \/><\/a><\/td>\n<\/tr>\n<tr>\n<td><b>2012<\/b><\/td>\n<\/tr>\n<tr>\n<td><a href=\"https:\/\/kammerchor-fuerstenwalde.de\/wp-content\/uploads\/2013\/12\/GGG_Begleitheft_2012-web.pdf\" target=\"_blank\" rel=\"noopener noreferrer\"><img decoding=\"async\" src=\"https:\/\/kammerchor-fuerstenwalde.de\/wp-content\/uploads\/2013\/12\/download.png\" alt=\"download\" \/><\/a><\/td>\n<\/tr>\n<tr>\n<td>Stadtgeschichtliches<\/td>\n<\/tr>\n<\/tbody>\n<\/table>\n<table>\n<tbody>\n<tr>\n<td><a class=\"wfpopup wf-mediabox-is-centered wf-zoom-image\" href=\"https:\/\/kammerchor-fuerstenwalde.de\/wp-content\/uploads\/2013\/12\/GeGeGe2013.png\"><img loading=\"lazy\" decoding=\"async\" src=\"https:\/\/kammerchor-fuerstenwalde.de\/wp-content\/uploads\/2013\/12\/GeGeGe2013klein.png\" alt=\"GeGeGe2013\" width=\"275\" height=\"194\" \/><\/a><\/td>\n<\/tr>\n<tr>\n<td><b>2013<\/b><\/td>\n<\/tr>\n<tr>\n<td><a href=\"https:\/\/kammerchor-fuerstenwalde.de\/wp-content\/uploads\/2013\/12\/GGG_Begleitheft_2013-web.pdf\" target=\"_blank\" rel=\"noopener noreferrer\"><img decoding=\"async\" src=\"https:\/\/kammerchor-fuerstenwalde.de\/wp-content\/uploads\/2013\/12\/download.png\" alt=\"download\" \/><\/a><\/td>\n<\/tr>\n<tr>\n<td>Handwerk &#8211; Handel &#8211; Transporte<br \/>\n16.-19. Jahrhundert<\/td>\n<\/tr>\n<\/tbody>\n<\/table>\n<table>\n<tbody>\n<tr>\n<td><a class=\"wfpopup wf-mediabox-is-centered wf-zoom-image\" href=\"https:\/\/kammerchor-fuerstenwalde.de\/wp-content\/uploads\/2013\/12\/GeGeGe2014.png\"><img loading=\"lazy\" decoding=\"async\" src=\"https:\/\/kammerchor-fuerstenwalde.de\/wp-content\/uploads\/2013\/12\/GeGeGe2014klein.png\" alt=\"GeGeGe2014\" width=\"275\" height=\"194\" \/><\/a><\/td>\n<\/tr>\n<tr>\n<td><b>2014<\/b><\/td>\n<\/tr>\n<tr>\n<td><a href=\"https:\/\/kammerchor-fuerstenwalde.de\/wp-content\/uploads\/2013\/12\/GGG_Begleitheft_2014-web.pdf\" target=\"_blank\" rel=\"noopener noreferrer\"><img decoding=\"async\" src=\"https:\/\/kammerchor-fuerstenwalde.de\/wp-content\/uploads\/2013\/12\/download.png\" alt=\"download\" \/><\/a><\/td>\n<\/tr>\n<tr>\n<td>1385-1598<br \/>\nDie Bischofsstadt F\u00fcrstenwalde<\/td>\n<\/tr>\n<\/tbody>\n<\/table>\n<table>\n<tbody>\n<tr>\n<td><a class=\"wfpopup wf-mediabox-is-centered wf-zoom-image\" href=\"https:\/\/kammerchor-fuerstenwalde.de\/wp-content\/uploads\/2013\/12\/GeGeGe2015.png\"><img loading=\"lazy\" decoding=\"async\" src=\"https:\/\/kammerchor-fuerstenwalde.de\/wp-content\/uploads\/2013\/12\/GeGeGe2015klein.png\" alt=\"GeGeGe2015\" width=\"275\" height=\"194\" \/><\/a><\/td>\n<\/tr>\n<tr>\n<td><b>2015<\/b><\/td>\n<\/tr>\n<tr>\n<td><a href=\"https:\/\/kammerchor-fuerstenwalde.de\/wp-content\/uploads\/2013\/12\/GGG_Begleitheft_2015-web.pdf\" target=\"_blank\" rel=\"noopener noreferrer\"><img decoding=\"async\" src=\"https:\/\/kammerchor-fuerstenwalde.de\/wp-content\/uploads\/2013\/12\/download.png\" alt=\"download\" \/><\/a><\/td>\n<\/tr>\n<tr>\n<td>Der Industriestandort F\u00fcrstenwalde<br \/>\n1835 bis in das 20. Jahrhundert<\/td>\n<\/tr>\n<\/tbody>\n<\/table>\n<table>\n<tbody>\n<tr>\n<td><a class=\"wfpopup wf-mediabox-is-centered wf-zoom-image\" href=\"https:\/\/kammerchor-fuerstenwalde.de\/wp-content\/uploads\/2013\/12\/GeGeGe2016.png\"><img loading=\"lazy\" decoding=\"async\" src=\"https:\/\/kammerchor-fuerstenwalde.de\/wp-content\/uploads\/2013\/12\/GeGeGe2016klein.png\" alt=\"GeGeGe2016\" width=\"275\" height=\"194\" \/><\/a><\/td>\n<\/tr>\n<tr>\n<td><b>2016<\/b><\/td>\n<\/tr>\n<tr>\n<td><a href=\"https:\/\/kammerchor-fuerstenwalde.de\/wp-content\/uploads\/2013\/12\/GGG_Begleitheft_2016-web.pdf\" target=\"_blank\" rel=\"noopener noreferrer\"><img decoding=\"async\" src=\"https:\/\/kammerchor-fuerstenwalde.de\/wp-content\/uploads\/2013\/12\/download.png\" alt=\"download\" \/><\/a><\/td>\n<\/tr>\n<tr>\n<td>Kulturelle Akzente der<br \/>\nF\u00fcrstenwalder Stadtgeschichte<\/td>\n<\/tr>\n<\/tbody>\n<\/table>\n<table>\n<tbody>\n<tr>\n<td><a class=\"wfpopup wf-mediabox-is-centered wf-zoom-image\" href=\"https:\/\/kammerchor-fuerstenwalde.de\/wp-content\/uploads\/2013\/12\/GeGeGe2017.png\"><img loading=\"lazy\" decoding=\"async\" src=\"https:\/\/kammerchor-fuerstenwalde.de\/wp-content\/uploads\/2013\/12\/GeGeGe2017klein.png\" alt=\"GeGeGe2017\" width=\"275\" height=\"194\" \/><\/a><\/td>\n<\/tr>\n<tr>\n<td><b>2017<\/b><\/td>\n<\/tr>\n<tr>\n<td><a href=\"https:\/\/kammerchor-fuerstenwalde.de\/wp-content\/uploads\/2013\/12\/GGG_Begleitheft_2017-web.pdf\" target=\"_blank\" rel=\"noopener noreferrer\"><img decoding=\"async\" src=\"https:\/\/kammerchor-fuerstenwalde.de\/wp-content\/uploads\/2013\/12\/download.png\" alt=\"download\" \/><\/a><\/td>\n<\/tr>\n<tr>\n<td>Vom Urstromtal<br \/>\nzum Oder-Spree-Kanal<\/td>\n<\/tr>\n<\/tbody>\n<\/table>\n<table>\n<tbody>\n<tr>\n<td><a class=\"wfpopup wf-mediabox-is-centered wf-zoom-image\" href=\"https:\/\/kammerchor-fuerstenwalde.de\/wp-content\/uploads\/2013\/12\/GeGeGe2018.png\"><img loading=\"lazy\" decoding=\"async\" src=\"https:\/\/kammerchor-fuerstenwalde.de\/wp-content\/uploads\/2013\/12\/GeGeGe2018klein.png\" alt=\"GeGeGe2018\" width=\"275\" height=\"194\" \/><\/a><\/td>\n<\/tr>\n<tr>\n<td><b>2018<\/b><\/td>\n<\/tr>\n<tr>\n<td><a href=\"https:\/\/kammerchor-fuerstenwalde.de\/wp-content\/uploads\/2013\/12\/GGG_Begleitheft_2018-web.pdf\" target=\"_blank\" rel=\"noopener noreferrer\"><img decoding=\"async\" src=\"https:\/\/kammerchor-fuerstenwalde.de\/wp-content\/uploads\/2013\/12\/download.png\" alt=\"download\" \/><\/a><\/td>\n<\/tr>\n<tr>\n<td>Die Sportstadt F\u00fcrstenwalde<\/td>\n<\/tr>\n<\/tbody>\n<\/table>\n<table>\n<tbody>\n<tr>\n<td><a class=\"wfpopup wf-mediabox-is-centered wf-zoom-image\" href=\"https:\/\/kammerchor-fuerstenwalde.de\/wp-content\/uploads\/2013\/12\/GeGeGe2019.png\"><img loading=\"lazy\" decoding=\"async\" src=\"https:\/\/kammerchor-fuerstenwalde.de\/wp-content\/uploads\/2013\/12\/GeGeGe2019klein.png\" alt=\"GeGeGe2019\" width=\"275\" height=\"194\" \/><\/a><\/td>\n<\/tr>\n<tr>\n<td><b>2019<\/b><\/td>\n<\/tr>\n<tr>\n<td><a href=\"https:\/\/kammerchor-fuerstenwalde.de\/wp-content\/uploads\/2013\/12\/GGG_Begleitheft_2019-web.pdf\" target=\"_blank\" rel=\"noopener noreferrer\"><img decoding=\"async\" src=\"https:\/\/kammerchor-fuerstenwalde.de\/wp-content\/uploads\/2013\/12\/download.png\" alt=\"download\" \/><\/a><\/td>\n<\/tr>\n<tr>\n<td>Vom 17. bis zum 21. Jahrhundert<br \/>\nSozial- und Bildungswesen in F\u00fcrstenwalde<\/td>\n<\/tr>\n<\/tbody>\n<\/table>\n<table>\n<tbody>\n<tr>\n<td><a class=\"wfpopup wf-mediabox-is-centered wf-zoom-image\" href=\"https:\/\/kammerchor-fuerstenwalde.de\/wp-content\/uploads\/2013\/12\/GeGeGe2021.png\"><img loading=\"lazy\" decoding=\"async\" src=\"https:\/\/kammerchor-fuerstenwalde.de\/wp-content\/uploads\/2013\/12\/GeGeGe2021klein.png\" alt=\"GeGeGe2021\" width=\"275\" height=\"194\" \/><\/a><\/td>\n<\/tr>\n<tr>\n<td><b>2021<\/b><\/td>\n<\/tr>\n<tr>\n<td><a href=\"https:\/\/kammerchor-fuerstenwalde.de\/wp-content\/uploads\/2013\/12\/GGG_Begleitheft_2021-web.pdf\" target=\"_blank\" rel=\"noopener noreferrer\"><img decoding=\"async\" src=\"https:\/\/kammerchor-fuerstenwalde.de\/wp-content\/uploads\/2013\/12\/download.png\" alt=\"download\" \/><\/a><\/td>\n<\/tr>\n<tr>\n<td>Die Geschichte der F\u00fcrstenwalder<br \/>\nLand- und Forstwirtschaft<\/td>\n<\/tr>\n<\/tbody>\n<\/table>\n<table>\n<tbody>\n<tr>\n<td><a class=\"wfpopup wf-mediabox-is-centered wf-zoom-image\" href=\"https:\/\/kammerchor-fuerstenwalde.de\/wp-content\/uploads\/2013\/12\/GeGeGe2022.png\"><img loading=\"lazy\" decoding=\"async\" src=\"https:\/\/kammerchor-fuerstenwalde.de\/wp-content\/uploads\/2013\/12\/GeGeGe2022klein.png\" alt=\"GeGeGe2022\" width=\"275\" height=\"194\" \/><\/a><\/td>\n<\/tr>\n<tr>\n<td><b>2022<\/b><\/td>\n<\/tr>\n<tr>\n<td><a href=\"https:\/\/kammerchor-fuerstenwalde.de\/wp-content\/uploads\/2013\/12\/GGG_Begleitheft_2022-web.pdf\" target=\"_blank\" rel=\"noopener noreferrer\"><img decoding=\"async\" src=\"https:\/\/kammerchor-fuerstenwalde.de\/wp-content\/uploads\/2013\/12\/download.png\" alt=\"download\" \/><\/a><\/td>\n<\/tr>\n<tr>\n<td>Die F\u00fcrstenwalder Stadtgeschichte von der Romantik bis in die \u00c4ra \u201eGlas, Stahl und Beton\u201c<\/td>\n<\/tr>\n<\/tbody>\n<\/table>\n<h3 style=\"padding-left: 20px;\"><\/h3>\n","protected":false},"excerpt":{"rendered":"<p>Veranstaltungsreihe &#8222;Geschichte, Gedichte, Gesang&#8220; Die Veranstaltungsreihe &#8222;Geschichte, Gedichte, Gesang&#8220; begann im Jahre 2012 im F\u00fcrstenwalder Hof und wurde so positiv von den Zuh\u00f6rern angenommen, dass die Raumkapazit\u00e4t dort nicht mehr ausreichte und der Chor das Angebot der Kirchengemeinde des St&#8230;.<\/p>\n","protected":false},"author":1,"featured_media":11,"comment_status":"closed","ping_status":"closed","sticky":false,"template":"","format":"standard","meta":{"footnotes":""},"categories":[5],"tags":[],"class_list":["post-39","post","type-post","status-publish","format-standard","has-post-thumbnail","hentry","category-geschichte-gedichte-gesang"],"_links":{"self":[{"href":"https:\/\/kammerchor-fuerstenwalde.de\/index.php?rest_route=\/wp\/v2\/posts\/39","targetHints":{"allow":["GET"]}}],"collection":[{"href":"https:\/\/kammerchor-fuerstenwalde.de\/index.php?rest_route=\/wp\/v2\/posts"}],"about":[{"href":"https:\/\/kammerchor-fuerstenwalde.de\/index.php?rest_route=\/wp\/v2\/types\/post"}],"author":[{"embeddable":true,"href":"https:\/\/kammerchor-fuerstenwalde.de\/index.php?rest_route=\/wp\/v2\/users\/1"}],"replies":[{"embeddable":true,"href":"https:\/\/kammerchor-fuerstenwalde.de\/index.php?rest_route=%2Fwp%2Fv2%2Fcomments&post=39"}],"version-history":[{"count":5,"href":"https:\/\/kammerchor-fuerstenwalde.de\/index.php?rest_route=\/wp\/v2\/posts\/39\/revisions"}],"predecessor-version":[{"id":264,"href":"https:\/\/kammerchor-fuerstenwalde.de\/index.php?rest_route=\/wp\/v2\/posts\/39\/revisions\/264"}],"wp:featuredmedia":[{"embeddable":true,"href":"https:\/\/kammerchor-fuerstenwalde.de\/index.php?rest_route=\/wp\/v2\/media\/11"}],"wp:attachment":[{"href":"https:\/\/kammerchor-fuerstenwalde.de\/index.php?rest_route=%2Fwp%2Fv2%2Fmedia&parent=39"}],"wp:term":[{"taxonomy":"category","embeddable":true,"href":"https:\/\/kammerchor-fuerstenwalde.de\/index.php?rest_route=%2Fwp%2Fv2%2Fcategories&post=39"},{"taxonomy":"post_tag","embeddable":true,"href":"https:\/\/kammerchor-fuerstenwalde.de\/index.php?rest_route=%2Fwp%2Fv2%2Ftags&post=39"}],"curies":[{"name":"wp","href":"https:\/\/api.w.org\/{rel}","templated":true}]}}