{"id":6,"date":"2013-12-11T17:53:32","date_gmt":"2013-12-11T16:53:32","guid":{"rendered":"https:\/\/kammerchor-fuerstenwalde.de\/wordpress\/2013\/12\/11\/cd-produktionen\/"},"modified":"2026-03-17T18:20:05","modified_gmt":"2026-03-17T17:20:05","slug":"cd-produktionen","status":"publish","type":"post","link":"https:\/\/kammerchor-fuerstenwalde.de\/?p=6","title":{"rendered":"Publikationen und CDs"},"content":{"rendered":"<p class=\"art-postheader\"><strong style=\"font-size: 16px;\">Chor-Chronik<br \/>\n<\/strong>Anl\u00e4sslich des 75. Chorjubil\u00e4ums in 2021 brachte der Chor eine 167seitige Chronik mit dem Titel &#8222;Lebensfreude Chorgesang&#8220; heraus. Darin wird die Entstehungsgeschichte des Chores aus Sicht seines Gr\u00fcndungsmitglieds Wolfgang Andres sowie die weitere Entwicklung zum Geschwister-Scholl-Chor, zum Doppelquartett F\u00fcrstenwalde bis zum heutigen Kammerchor F\u00fcrstenwalde &#8222;Geschwister Scholl &#8220; e.V. in Wort und Bild unter Mitwirkung einiger Chrormitglieder und Freunde des Chores erz\u00e4hlt.<\/p>\n<div class=\"art-postcontent clearfix\">\n<div class=\"art-article\">\n<p>Das Buch kann ebenfalls \u00fcber o.g. Adressen bestellt werden. Das Museum F\u00fcrstenwalde, der F\u00fcrstenwalder Tourismusverein sowie Musik&amp;Buch Wolff haben ebenfalls einige Exemplare vorr\u00e4tig.<\/p>\n<p><img loading=\"lazy\" decoding=\"async\" class=\"alignnone size-medium wp-image-261\" src=\"https:\/\/kammerchor-fuerstenwalde.de\/wp-content\/uploads\/2013\/12\/Titelblatt-215x300.jpg\" alt=\"\" width=\"215\" height=\"300\" srcset=\"https:\/\/kammerchor-fuerstenwalde.de\/wp-content\/uploads\/2013\/12\/Titelblatt-215x300.jpg 215w, https:\/\/kammerchor-fuerstenwalde.de\/wp-content\/uploads\/2013\/12\/Titelblatt-732x1024.jpg 732w, https:\/\/kammerchor-fuerstenwalde.de\/wp-content\/uploads\/2013\/12\/Titelblatt-768x1074.jpg 768w, https:\/\/kammerchor-fuerstenwalde.de\/wp-content\/uploads\/2013\/12\/Titelblatt-1099x1536.jpg 1099w, https:\/\/kammerchor-fuerstenwalde.de\/wp-content\/uploads\/2013\/12\/Titelblatt-1465x2048.jpg 1465w, https:\/\/kammerchor-fuerstenwalde.de\/wp-content\/uploads\/2013\/12\/Titelblatt-scaled.jpg 1831w\" sizes=\"auto, (max-width: 215px) 100vw, 215px\" \/><\/p>\n<hr \/>\n<p><strong>Programm-Begleithefte<br \/>\n<\/strong>Die Programm-Begleithefte der Konzertreihe &#8222;Geschichte-Gedichte-Gesang&#8220; (siehe bei GeGeGe-Konzerte) sind ebenfalls beim Chor oder im F\u00fcrstenwalder Museum zu erwerben.<\/p>\n<hr \/>\n<p><strong>Konzertaufnahmen auf CD<br \/>\n<\/strong>Der Kammerchor F\u00fcrstenwalde\/Spree hat bisher 3 CDs produziert.<\/p>\n<p>Die CD &#8222;Viva la Musica&#8220; beinhaltet Fr\u00fchlings- und Sommerlieder.<\/p>\n<p>Unter der E-Mail-Adresse <span id=\"cloak52e948b0866096087143529d1a704337\"><\/span><a href=\"mailto:m.killisch@kammerchor-fuerstenwalde.de\">m.killisch@kammerchor-fuerstenwalde.de<\/a> k\u00f6nnen Sie die CD bestellen.<br \/>\nGerne k\u00f6nnen Sie auch bei unseren Ansprechpartnern im\u00a0<a href=\"https:\/\/kammerchor-fuerstenwalde.de\/?p=1\">Impressum <\/a>CDs erwerben.<\/p>\n<p><img loading=\"lazy\" decoding=\"async\" class=\"alignnone size-full wp-image-260\" src=\"https:\/\/kammerchor-fuerstenwalde.de\/wp-content\/uploads\/2013\/12\/cd1-1.gif\" alt=\"\" width=\"170\" height=\"170\" \/><br \/>\n<strong>Viva la Musica<\/strong><\/p>\n<\/div>\n<\/div>\n","protected":false},"excerpt":{"rendered":"<p>Chor-Chronik Anl\u00e4sslich des 75. Chorjubil\u00e4ums in 2021 brachte der Chor eine 167seitige Chronik mit dem Titel &#8222;Lebensfreude Chorgesang&#8220; heraus. Darin wird die Entstehungsgeschichte des Chores aus Sicht seines Gr\u00fcndungsmitglieds Wolfgang Andres sowie die weitere Entwicklung zum Geschwister-Scholl-Chor, zum Doppelquartett F\u00fcrstenwalde&#8230;<\/p>\n","protected":false},"author":1,"featured_media":5,"comment_status":"closed","ping_status":"closed","sticky":false,"template":"","format":"standard","meta":{"footnotes":""},"categories":[11],"tags":[],"class_list":["post-6","post","type-post","status-publish","format-standard","has-post-thumbnail","hentry","category-cds"],"_links":{"self":[{"href":"https:\/\/kammerchor-fuerstenwalde.de\/index.php?rest_route=\/wp\/v2\/posts\/6","targetHints":{"allow":["GET"]}}],"collection":[{"href":"https:\/\/kammerchor-fuerstenwalde.de\/index.php?rest_route=\/wp\/v2\/posts"}],"about":[{"href":"https:\/\/kammerchor-fuerstenwalde.de\/index.php?rest_route=\/wp\/v2\/types\/post"}],"author":[{"embeddable":true,"href":"https:\/\/kammerchor-fuerstenwalde.de\/index.php?rest_route=\/wp\/v2\/users\/1"}],"replies":[{"embeddable":true,"href":"https:\/\/kammerchor-fuerstenwalde.de\/index.php?rest_route=%2Fwp%2Fv2%2Fcomments&post=6"}],"version-history":[{"count":8,"href":"https:\/\/kammerchor-fuerstenwalde.de\/index.php?rest_route=\/wp\/v2\/posts\/6\/revisions"}],"predecessor-version":[{"id":263,"href":"https:\/\/kammerchor-fuerstenwalde.de\/index.php?rest_route=\/wp\/v2\/posts\/6\/revisions\/263"}],"wp:featuredmedia":[{"embeddable":true,"href":"https:\/\/kammerchor-fuerstenwalde.de\/index.php?rest_route=\/wp\/v2\/media\/5"}],"wp:attachment":[{"href":"https:\/\/kammerchor-fuerstenwalde.de\/index.php?rest_route=%2Fwp%2Fv2%2Fmedia&parent=6"}],"wp:term":[{"taxonomy":"category","embeddable":true,"href":"https:\/\/kammerchor-fuerstenwalde.de\/index.php?rest_route=%2Fwp%2Fv2%2Fcategories&post=6"},{"taxonomy":"post_tag","embeddable":true,"href":"https:\/\/kammerchor-fuerstenwalde.de\/index.php?rest_route=%2Fwp%2Fv2%2Ftags&post=6"}],"curies":[{"name":"wp","href":"https:\/\/api.w.org\/{rel}","templated":true}]}}