{"id":7,"date":"2013-12-11T18:00:41","date_gmt":"2013-12-11T17:00:41","guid":{"rendered":"https:\/\/kammerchor-fuerstenwalde.de\/wordpress\/2013\/12\/11\/geschichte\/"},"modified":"2026-03-04T18:18:18","modified_gmt":"2026-03-04T17:18:18","slug":"geschichte","status":"publish","type":"post","link":"https:\/\/kammerchor-fuerstenwalde.de\/?p=7","title":{"rendered":"Geschichte"},"content":{"rendered":"<table border=\"0\" style=\"width: 834px; height: 1934px; margin-left: 20px;\">\n<tbody>\n<tr>\n<td><nobr>1946<\/nobr><\/td>\n<td>Gr\u00fcndung als Jugendchor \u201eGeschwister Scholl\u201c in der Berufsschule F\u00fcrstenwalde durch Martin Adler<\/td>\n<\/tr>\n<tr>\n<td><nobr>1951<\/nobr><\/td>\n<td>Sieger im Jugendchorausscheid des Landes Brandenburg; Teilnahme an den 3. Weltfestspielen der Jugend und Studenten in Berlin<\/td>\n<\/tr>\n<tr>\n<td><nobr>1953<\/nobr><\/td>\n<td>erstmalige Verleihung des Titels \u201eHervorragendes Volkskunst-Kollektiv\u201c<\/td>\n<\/tr>\n<tr>\n<td><nobr>1955<\/nobr><\/td>\n<td>erster Platz beim Chorausscheid der ehemaligen DDR f\u00fcr Jugend- und Berufsschulch\u00f6re; Urauff\u00fchrung des im Chor entstandenen Liedes &#8222;Die Trommel&#8220; (M: M. Adler, T: H. Prei\u00dfler)<\/td>\n<\/tr>\n<tr>\n<td><nobr>1962<\/nobr><\/td>\n<td>Gr\u00fcndung des Doppelquartetts unter Tr\u00e4gerschaft des Reifenwerkes F\u00fcrstenwalde<\/td>\n<\/tr>\n<tr>\n<td><nobr>1963<\/nobr><\/td>\n<td>Auftritt in der Fernsehsendung \u201eHerzklopfen kostenlos\u201c<\/td>\n<\/tr>\n<tr>\n<td><nobr>1964<\/nobr><\/td>\n<td>Konzertreise des Doppelquartetts in die UdSSR, Verleihung der Allunionsmedaille der UdSSR<\/td>\n<\/tr>\n<tr>\n<td><nobr>1965<\/nobr><\/td>\n<td>Goldmedaille der 7. Arbeiterfestspiele in Frankfurt (Oder) sowie Staatspreis f\u00fcr k\u00fcnstlerisches Volksschaffen; Auftritt in Bremen bei einer Veranstaltung der Deutschen-Friedens-Union<\/td>\n<\/tr>\n<tr>\n<td><nobr>1967<\/nobr><\/td>\n<td>Bronzemedaille bei den Arbeiterfestspielen in Dresden; Mitwirkung in der Fernsehsendung &#8222;Herzklopfen kostenlos&#8220;<\/td>\n<\/tr>\n<tr>\n<td><nobr>1971<\/nobr><\/td>\n<td>Konzertreise nach Witebsk, Teilnahme an den Arbeiterfestspielen in Leipzig<\/td>\n<\/tr>\n<tr>\n<td><nobr>1974<\/nobr><\/td>\n<td>Teilnahme an den Arbeiterfestspielen in Erfurt<\/td>\n<\/tr>\n<tr>\n<td><nobr>1982<\/nobr><\/td>\n<td>Gr\u00fcndung des Kammerchores F\u00fcrstenwalde und Verabschiedung von Martin Adler in den Ruhestand, Tr\u00e4gerbetrieb bleibt das Reifenwerk F\u00fcrstenwalde<\/td>\n<\/tr>\n<tr>\n<td><nobr>1986<\/nobr><\/td>\n<td>Mitwirkung an der Sendung \u201eLandpartie\u201c<\/td>\n<\/tr>\n<tr>\n<td><nobr>1987<\/nobr><\/td>\n<td>Rudolf Tiersch wird neuer Chorleiter<\/td>\n<\/tr>\n<tr>\n<td><nobr>1989<\/nobr><\/td>\n<td>Einstufung \u201eOberstufe sehr gut\u201c beim Bezirksleistungsvergleich<\/td>\n<\/tr>\n<tr>\n<td><nobr>1990<\/nobr><\/td>\n<td>1. Konzertreisen nach Reinheim und Korschenbroich; Der Chor wird zum Verein, Wolfgang Andres sein Vorsitzender<\/td>\n<\/tr>\n<tr>\n<td><nobr>1993<\/nobr><\/td>\n<td>Produktion der 1. CD \u201eViva la musica\u201c sowie Konzertreise nach Cestas\/Bordeaux, Frankreich<\/td>\n<\/tr>\n<tr>\n<td><nobr>1994<\/nobr><\/td>\n<td>Mitglied im DAS und erste Einstufung als Leistungschor<\/td>\n<\/tr>\n<tr>\n<td><nobr>1995<\/nobr><\/td>\n<td>Produktion der 2. CD \u201eStill senkt sich die Nacht hernieder\u201c; Urauff\u00fchrung des im Chor entstandenen Liedes &#8222;Land am m\u00e4rkischen Meer&#8220; (M: G.Hellwig, T: W.Andres); Erringung des Golddiploms zum Internationalen Chorfestival der IDOCO in Bern (Schweiz)<\/td>\n<\/tr>\n<tr>\n<td><nobr>1996<\/nobr><\/td>\n<td>Festveranstaltung zum 50. Chorjubil\u00e4um. Der Chor erh\u00e4lt durch die \u201eWei\u00dfe Rose Stiftung\u201c M\u00fcnchen das Recht, den Namen \u201eGeschwister Scholl\u201c offiziell zu tragen.<\/td>\n<\/tr>\n<tr>\n<td><nobr>1997<\/nobr><\/td>\n<td>Teilnahme an der ARD-Sendung \u201eKein sch\u00f6ner Land \u2013 Zwischen Oder und Spree\u201c<\/td>\n<\/tr>\n<tr>\n<td><nobr>1998<\/nobr><\/td>\n<td>Erringung des Silberdiploms zum internationalen Chorfestival in Vasa (Finnland); Produktion der 3. CD u.a. mit dem im Chor entstandenen Lied \u201eDas Land am M\u00e4rkischen Meer\u201c<\/td>\n<\/tr>\n<tr>\n<td><nobr>1999<\/nobr><\/td>\n<td>Einstufung als Leistungschor. Erster Platz beim DAS-Chortreffen des Landes Brandenburg in Rheinsberg.<\/td>\n<\/tr>\n<tr>\n<td><nobr>2000<\/nobr><\/td>\n<td>Erringung des Silberdiploms zum internationalen Chorfestival in Aalborg (D\u00e4nemark); Einladung zu einem Konzert anl\u00e4sslich der EXPO in Hannover<\/td>\n<\/tr>\n<tr>\n<td><nobr>2001<\/nobr><\/td>\n<td>Teilnahme am Landeschorwettbewerb in Schwedt sowie am Schubert Festival in Wien; Der Chor organisiert ein S\u00e4ngerfest mit 12 Gastch\u00f6ren zum Thema &#8222;160 Jahre Vereinschorgesang in F\u00fcrstenwalde&#8220;<\/td>\n<\/tr>\n<tr>\n<td><nobr>2002<\/nobr><\/td>\n<td>Der Kammerchor war Gast des Nieders\u00e4chsischen Chorfestivals in Goslar.<\/td>\n<\/tr>\n<tr>\n<td><nobr>2003<\/nobr><\/td>\n<td>Erringung des Bronzediploms zum internationalen Chorfestival in Linz (\u00d6sterreich)<\/td>\n<\/tr>\n<tr>\n<td><nobr>2004<\/nobr><\/td>\n<td>Der Kammerchor ist Veranstalter der ersten Bundeschortage des DAS in den neuen Bundesl\u00e4ndern.<\/td>\n<\/tr>\n<tr>\n<td><nobr>2005<\/nobr><\/td>\n<td>28. August \u2013 gemeinsames Konzert mit den Sch\u00f6neberger S\u00e4ngerknaben im \u201eF\u00fcrstenwalder Hof\u201c<\/td>\n<\/tr>\n<tr>\n<td><nobr>2006<\/nobr><\/td>\n<td>Teilnahme am internationalen Chorfestival in Lublin (Polen); Festkonzert zum 60-j\u00e4hrigen Jubil\u00e4um im St. Marien Dom, erstmalige Vergabe der Martin-Adler-Gedenkmedaille; Festkonzert zu Ehren des 60. Jahrestages der Gr\u00fcndung der Sch\u00f6neberger S\u00e4ngerknaben im Sch\u00f6neberger Rathaus<\/td>\n<\/tr>\n<tr>\n<td><nobr>2007<\/nobr><\/td>\n<td>Benefizkonzert in der Ged\u00e4chtniskirche am Kurf\u00fcrstendamm in Berlin zur Erhaltung des historischen Turms; Konzertreise nach Hannover zu den Nieders\u00e4chsischen Chortagen<\/td>\n<\/tr>\n<tr>\n<td><nobr>2008<\/nobr><\/td>\n<td>Erringung des Golddiploms zum IDOCO-Chorfestival in Goslar; Benefizkonzert in der Kaiser-Wilhelm-Ged\u00e4chtniskirche in Berlin<\/td>\n<\/tr>\n<tr>\n<td><nobr>2009<\/nobr><\/td>\n<td>Festveranstaltung aus Anlass des 100. Geburtstages von Martin Adler in der Katholischen Kirche in F\u00fcrstenwalde<\/td>\n<\/tr>\n<tr>\n<td><nobr>2010<\/nobr><\/td>\n<td>Mitgliederversammlung am 26.02.2011 mit Wahl des neuen Vorstandes, neuer Vorsitzender: Hans Hellmuth (Bass)<\/td>\n<\/tr>\n<tr>\n<td><nobr>2011<\/nobr><\/td>\n<td>Festveranstaltung \u201e65 Jahre Kammerchor F\u00fcrstenwalde\u201c, Wolfgang Andres wird zum Ehrenvorsitzenden ernannt<\/td>\n<\/tr>\n<tr>\n<td><nobr>2012<\/nobr><\/td>\n<td>Der Kammerchor F\u00fcrstenwalde ist nun ein eingetragener Verein.; 8.-10. Juni: Chorfahrt nach Reinheim und Teilnahme am Deutschen Chorfest in Frankfurt am Main; 11. November: 1. Veranstaltung der Reihe \u201eGeschichte, Gedichte, Gesang&#8220;,Thema: \u201eUnsere Stadt lebt\u201c im \u201eF\u00fcrstenwalder Hof\u201c Der Chor wird &#8222;Chor des Monats&#8220; bei Deutschlan Radio Kultur<\/td>\n<\/tr>\n<tr>\n<td><nobr>2013<\/nobr><\/td>\n<td>3. November \u2013 2. Veranstaltung der Reihe \u201eGeschichte, Gedichte, Gesang&#8220;, Thema: \u201eWirtschaft im Wandel\u201c (17.-21. Jahrhundert) im \u201eF\u00fcrstenwalder Hof\u201c<\/td>\n<\/tr>\n<tr>\n<td><nobr>2014<\/nobr><\/td>\n<td>16. November \u2013 3. Veranstaltung der Reihe \u201eGeschichte, Gedichte, Gesang&#8220;, Thema: \u201e1385-1598 \u2013 Die Bischofsstadt F\u00fcrstenwalde\u201c im St. Marien-Dom (ca. 700 Zuschauer)<\/td>\n<\/tr>\n<tr>\n<td><nobr>2015<\/nobr><\/td>\n<td>17.07.-19.07. &#8211; Chorfahrt zu den Chortagen Niedersachsen in B\u00fcckeburg; 15. November &#8211; 4. Veranstaltung der Reihe \u201eGeschichte, Gedichte, Gesang&#8220;, Thema: \u201eDer Industriestandort F\u00fcrstenwalde\u201c (1835.-20. Jahrhundert) im Tr\u00e4nkeweg (Firma RFL)<\/td>\n<\/tr>\n<tr>\n<td><nobr>2016<\/nobr><\/td>\n<td>18.\/19.06. &#8211; Chorfahrt nach Sczcecin (Stettin); 06.11. &#8211; 5. Veranstaltung der Reihe \u201eGeschichte, Gedichte, Gesang&#8220;, Thema: \u201eKulturelles F\u00fcrstenwalde\u201c im Dom<\/td>\n<\/tr>\n<tr>\n<td><nobr>2017<\/nobr><\/td>\n<td>24.06. &#8211; Teilnahme am 14. Chorfest des Brandenburgischen Chorverbandes in Finsterwalde; 05.11. &#8211; sechstes GeGeGe-Konzert mit dem Thema \u201eVom Urstromtal zum Oder-Spree-Kanal\u201c<\/td>\n<\/tr>\n<tr>\n<td><nobr>2018<\/nobr><\/td>\n<td>22.4. &#8211; Konzert in der Kirche zum Heiligen Kreuz als Beitrag zum 750. Gr\u00fcndungsjubil\u00e4um des Klosters Neuzelle; 16.9. &#8211; Gemeinschaftskonzert mit dem Amadeus Vocalensemble in der Grunewaldkirche in Berlin; 4.11. &#8211; 7. Veranstaltung der Reihe \u201eGeschichte, Gedichte, Gesang\u201c. Thema: \u201eDie Sportstadt F\u00fcrstenwalde\u201c<\/td>\n<\/tr>\n<tr>\n<td><nobr>2019<\/nobr><\/td>\n<td>9.-10.3. &#8211; Chorwochenende am Frauensee bei Prieros; 24.8. &#8211; Kurkonzert im Scharwenka-Forum in Bad Saarow; 3.11. \u2013 8. Geschichte-Gedichte-Gesang-Konzert im Dom unter dem Motto \u201eSozial- und Bildungswesen\u201c<\/td>\n<\/tr>\n<tr>\n<td><nobr>2020<\/nobr><\/td>\n<td>Ab April Corona-Pause.<\/td>\n<\/tr>\n<tr>\n<td><nobr>2021<\/nobr><\/td>\n<td>Immer noch Corona-Pause; 7.11. &#8211;  9. Geschichte-Gedichte-Gesang-Konzert im Dom unter dem Motto &#8222;Land- und Forstwirtschaft&#8220;<\/td>\n<\/tr>\n<tr>\n<td><nobr>2022<\/nobr><\/td>\n<td>3. 9. &#8211;  Open-Air Konzert auf der Freilichtb\u00fchne der Schulscheune in Diensdorf-Radlow; 13.11. &#8211;  10. und letztes Ge-Ge-Ge-Konzert im Dom, Motto &#8222;Baugeschichte von der Romanik bis zur \u00c4ra Glas, Stahl und Beton&#8220; 20.11.  In einer Mitgliederversammlung wird Mathilde Killisch zur 1. Vorsitzenden gew\u00e4hlt.<\/td>\n<\/tr>\n<tr>\n<td><nobr>2023<\/nobr><\/td>\n<td>25.-26.3. &#8211; Probenwochenende in Braunsdorf; 5.- 7.5.  &#8211;  Chorfahrt nach G\u00f6rlitz, Konzert in der Peterskirche am 6.5.<\/td>\n<\/tr>\n<tr>\n<td><nobr>2024<\/nobr><\/td>\n<td>19.4. &#8211; Der Mitbegr\u00fcnder des Chores und langj\u00e4hrige Vorsitzende Wolfgang Andres verstarb im Alter von 92 Jahren.; 16.5. &#8211; Bei der Trauerfeier f\u00fcr Wolfgang Andres sang der Chor u.a. das von ihm getextete Lied &#8222;Land am m\u00e4rkischen Meer&#8220;   14.-16.6. Chorfahrt in die Partnerstadt Reinheim, Konzert in der Dreifaltigkeitskirche<\/td>\n<\/tr>\n<tr>\n<td><nobr>2025<\/nobr><\/td>\n<td>05.01. &#8211; Beim Neujahrskonzert des Kammerorchesters F\u00fcrstenwalde im Dom trat der Kammerchor mit 2 St\u00fccken auf, gemeinsam mit dem Orchester.; Fr\u00fchlingskonzerte wurden in Reichenwalde, Pfaffendorf und in der Martin-Luther Kirche in F\u00fcrstenwalde\/S\u00fcd veranstaltet.  Weihnachtskonzerte fanden in Buchholz, Neu Golm und F\u00fcrstenwalde-S\u00fcd statt<\/td>\n<\/tr>\n<tr>\n<td><nobr>2026<\/nobr><\/td>\n<td>04.01. &#8211; Beim Neujahrskonzert des Kammerorchesters F\u00fcrstenwalde im Dom trat der Kammerchor wieder mit 2 St\u00fccken auf, gemeinsam mit dem Orchester wurden der &#8222;Mondchor&#8220; (aus Die lustigen Weiber von Windsor; Nicolai) und &#8222;Ambosschor&#8220; (aus Verdis Troubadour) pr\u00e4sentiert.<\/td>\n<\/tr>\n<\/tbody>\n<\/table>\n","protected":false},"excerpt":{"rendered":"<p>1946 Gr\u00fcndung als Jugendchor \u201eGeschwister Scholl\u201c in der Berufsschule F\u00fcrstenwalde durch Martin Adler 1951 Sieger im Jugendchorausscheid des Landes Brandenburg; Teilnahme an den 3. Weltfestspielen der Jugend und Studenten in Berlin 1953 erstmalige Verleihung des Titels \u201eHervorragendes Volkskunst-Kollektiv\u201c 1955 erster&#8230;<\/p>\n","protected":false},"author":1,"featured_media":0,"comment_status":"closed","ping_status":"closed","sticky":false,"template":"","format":"standard","meta":{"footnotes":""},"categories":[9],"tags":[],"class_list":["post-7","post","type-post","status-publish","format-standard","hentry","category-geschichte"],"_links":{"self":[{"href":"https:\/\/kammerchor-fuerstenwalde.de\/index.php?rest_route=\/wp\/v2\/posts\/7","targetHints":{"allow":["GET"]}}],"collection":[{"href":"https:\/\/kammerchor-fuerstenwalde.de\/index.php?rest_route=\/wp\/v2\/posts"}],"about":[{"href":"https:\/\/kammerchor-fuerstenwalde.de\/index.php?rest_route=\/wp\/v2\/types\/post"}],"author":[{"embeddable":true,"href":"https:\/\/kammerchor-fuerstenwalde.de\/index.php?rest_route=\/wp\/v2\/users\/1"}],"replies":[{"embeddable":true,"href":"https:\/\/kammerchor-fuerstenwalde.de\/index.php?rest_route=%2Fwp%2Fv2%2Fcomments&post=7"}],"version-history":[{"count":5,"href":"https:\/\/kammerchor-fuerstenwalde.de\/index.php?rest_route=\/wp\/v2\/posts\/7\/revisions"}],"predecessor-version":[{"id":164,"href":"https:\/\/kammerchor-fuerstenwalde.de\/index.php?rest_route=\/wp\/v2\/posts\/7\/revisions\/164"}],"wp:attachment":[{"href":"https:\/\/kammerchor-fuerstenwalde.de\/index.php?rest_route=%2Fwp%2Fv2%2Fmedia&parent=7"}],"wp:term":[{"taxonomy":"category","embeddable":true,"href":"https:\/\/kammerchor-fuerstenwalde.de\/index.php?rest_route=%2Fwp%2Fv2%2Fcategories&post=7"},{"taxonomy":"post_tag","embeddable":true,"href":"https:\/\/kammerchor-fuerstenwalde.de\/index.php?rest_route=%2Fwp%2Fv2%2Ftags&post=7"}],"curies":[{"name":"wp","href":"https:\/\/api.w.org\/{rel}","templated":true}]}}